{"id":145,"date":"2020-09-25T15:39:38","date_gmt":"2020-09-25T13:39:38","guid":{"rendered":"https:\/\/www.noleggioqui.it\/blog\/?p=145"},"modified":"2022-04-22T10:46:28","modified_gmt":"2022-04-22T08:46:28","slug":"che-dati-avra-il-noleggio-a-fine-2020","status":"publish","type":"post","link":"https:\/\/www.noleggioqui.it\/blog\/che-dati-avra-il-noleggio-a-fine-2020\/","title":{"rendered":"Che dati avr\u00e0 il noleggio a fine 2020?"},"content":{"rendered":"\n<p>I dati <a rel=\"noreferrer noopener\" href=\"https:\/\/erarental.org\/\" target=\"_blank\">ERA<\/a> vedono il mercato <a href=\"https:\/\/www.noleggioqui.it\/blog\/focus-azienda-ompra-srl\/\">noleggio<\/a> a -12.3% mentre i sentiment di alcune aziende vedono il mercato addirittura in positivo, il centro studi <a rel=\"noreferrer noopener\" href=\"https:\/\/www.assodimi.it\/\" target=\"_blank\">Assodimi <\/a>fornisce una forbice tra +1% e -5%.<\/p>\n\n\n\n<h2 class=\"wp-block-heading\">Il punto di vista del direttore Assodimi<\/h2>\n\n\n\n<p>Il 2020 \u00e8 un anno originale per molti aspetti ma non credevo che a settembre i dati statistici delle varie fonte fossero in cos\u00ec forte disaccordo. <strong>Fornire i dati non \u00e8 un lavoro semplice e ancor di pi\u00f9 interpretarli.<\/strong> Ho la grande fortuna di avere una visione privilegiata sul mercato italiano perch\u00e9 posso studiare i dati completi (aggregati e anonimi) forniti dal centro studi di Assodimi, quelli di ERA e parlare con tantissime aziende di noleggio che forniscono il loro punto di vista sul mercato locale e nazionale.<\/p>\n\n\n\n<p>Anticipo che la mia visione \u00e8 un po\u2019 di parte perch\u00e9 <strong>sono ottimista sull&#8217;imprenditoria italiana<\/strong> e la voglia di ripartire e lavorare, e si basa sul mercato e sui dati ottenuti fino a met\u00e0 settembre per il mercato noleggio; non mi addentro nella distribuzione che comunque ha i dati migliori di come sembravano mesi fa.<\/p>\n\n\n\n<h2 class=\"wp-block-heading\">Un futuro incerto<\/h2>\n\n\n\n<p>Il 2021 \u00e8 ancora incerto perch\u00e9 <strong>non conosciamo le strategie che il sistema Italia metter\u00e0 in atto<\/strong> utilizzando i fondi europei e come il famoso bonus 110% sia facile da utilizzare. Il PIL nazionale quest\u2019anno \u00e8 stimato intorno al -10%, un fortissimo ribasso (anche psicologico), i settori coinvolti sono molti tra cui spiccano il turismo e l\u2019export. La compagine delle aziende italiane \u00e8 fatta prevalentemente da PMI che seppur con il grosso problema della difficile crescita e competizione extra-nazionale, hanno il vantaggio di una gestione snella: quindi ripartenze veloci, lockdown non completo (il 32% delle aziende ha continuato a lavorare) e meno soggette alle forti oscillazioni dovute al calo del PIL.<\/p>\n\n\n\n<p><strong>Il noleggio Italiano ha indici di penetrazioni ancora molto bassi <\/strong>rispetto ad una Francia e una Germania (per non parlare del mercato UK) quindi purtroppo le crescite sono sempre modeste ma di conseguenza anche le decrescite lo sono, in special modo perch\u00e9 c\u2019\u00e8 tantissimo margine di ricerca di nuovi clienti che ancora non si sono avvicinati al noleggio. I driver che utilizzano il noleggio italiano sono molteplici, il principale \u00e8 il mondo delle costruzioni ma non \u00e8 pi\u00f9 fondamentale come un tempo, dipendono molto dalle zone e permettono un ventaglio di clientela eterogeneo. Questa premessa per indicare come il noleggio non sia legato a doppio filo al PIL come invece accade in altre nazioni.<\/p>\n\n\n\n<p>Vedendo il mercato dall\u2019esterno <strong>sarebbe facile la proporzione PIL in caduta libera e quindi il noleggio in caduta altrettanto libera.<\/strong> Ma la realt\u00e0 \u00e8 diversa e meno lineare, anzi in frangente di incertezza come questa dove il lavoro sussiste ma in maniera volatile, il cliente finale \u00e8 pi\u00f9 propenso a investimenti mirati e di piccola entit\u00e0 con <a href=\"https:\/\/www.noleggioqui.it\/blog\/noleggio-piattaforme-aeree-la-tua-soluzione-per-lavorare-in-quota-in-totale-sicurezza\/\">sicurezza<\/a> dei costi. Il noleggio professionale \u00e8 una risposta importante con queste premesse.<br>Alcuni servizi legati al noleggio hanno risentito in maniera negativa del periodo attuale, in particolare ci risulta il noleggio a caldo con performance deboli e alcuni settori trainanti come MMT e PLE con variazioni nei mesi di lockdown poco incoraggianti. <\/p>\n\n\n\n<h2 class=\"wp-block-heading\">Primi segni di ripresa<\/h2>\n\n\n\n<p><strong>Dalla riapertura di maggio il mercato del noleggio ha iniziato lavorare a velocit\u00e0 sempre pi\u00f9 crescenti<\/strong> con i mesi di giungo e luglio che in alcune zone e comparti si sono rivelate molto interessanti. Anche Agosto che storicamente era un mese fiacco si \u00e8 rivelato con indici positivi. <strong>I numeri fornitemi dai Top Player del noleggio italiano fanno ben sperare in un fine anno non troppo negativo<\/strong> (con spiragli interessanti), la forbice media indicata \u00e8 tra un pessimistico -8% e un ottimistico +5% (ma con investimenti importanti in parchi e filiali). I sentiment dei noleggiatori medi sono anch\u2019essi positivi, dopo mesi con fatturati crollati in modo pesante <strong>si registrano recuperi quasi inaspettati <\/strong>con una forbice che dovrebbe attestarsi fra il pareggio e -5%.<\/p>\n\n\n\n<p>La visione poco incoraggiante del mercato viene dallo studio effettuato da IHS che vede un 2020 per il noleggio italiano a -12.3% (fino a inizio settembre veniva previsto un -16.3% maglia nera europea insieme al mercato UK), con un rimbalzo del +5.3% nel 2021. Mettendo insieme i vari pensieri le aziende del noleggio italiane mediamente, dal mio punto di vista, dovrebbero chiudere il 2020 tra un interessantissimo fatturato invariato o un altrettanto valore incoraggiate di -5% (paragonandolo ad altri <a href=\"https:\/\/www.noleggioqui.it\/blog\/street-food-a-noleggio\/\">mercati<\/a>), <strong>non ci si dovr\u00e0 spaventare se a fine anno il valore anno su anno sar\u00e0 sul -10%<\/strong> perch\u00e8 per alcune realt\u00e0 (con servizi particolari) e in zone particolari potr\u00e0 succede. Il lockdown \u00e8 stato inesorabile in alcune zone ma paradossalmente ha permesso anche una contrazione dei costi garantendo cos\u00ec margini pi\u00f9 interessanti.<\/p>\n\n\n\n<h2 class=\"wp-block-heading\">Conclusioni<\/h2>\n\n\n\n<p>Visto come eravamo messi 6 mesi fa possiamo dire che <strong>il mercato attuale \u00e8 in buona salute<\/strong> con numeri positivi e previsioni nel breve termine interessanti. Una domanda mi sorge spontanea: chiss\u00e0 come sarebbe stato il 2020 senza il lockdown!<\/p>\n\n\n\n<p><em>PS: Assodimi prima del lockdown prevedeva una forbice tra +10% e +15% per il 2020<\/em><\/p>\n\n\n\n<p>Articolo fornito da <a href=\"https:\/\/www.assodimi.it\/\" target=\"_blank\" rel=\"noreferrer noopener\">Assodimi<\/a><\/p>\n","protected":false},"excerpt":{"rendered":"<p>I dati ERA vedono il mercato noleggio a -12.3% mentre i sentiment di alcune aziende vedono il mercato addirittura in positivo, il centro studi Assodimi fornisce una forbice tra +1% e -5%. Il punto di vista del direttore Assodimi Il 2020 \u00e8 un anno originale per molti aspetti ma non credevo che a settembre i&hellip;<\/p>\n","protected":false},"author":2,"featured_media":157,"comment_status":"closed","ping_status":"closed","sticky":false,"template":"","format":"standard","meta":{"footnotes":""},"categories":[3],"tags":[8,4,15,5,18,7],"class_list":["post-145","post","type-post","status-publish","format-standard","has-post-thumbnail","hentry","category-noleggio","tag-8","tag-assodimi","tag-covid-19","tag-italia","tag-previsioni","tag-trend"],"_links":{"self":[{"href":"https:\/\/www.noleggioqui.it\/blog\/wp-json\/wp\/v2\/posts\/145","targetHints":{"allow":["GET"]}}],"collection":[{"href":"https:\/\/www.noleggioqui.it\/blog\/wp-json\/wp\/v2\/posts"}],"about":[{"href":"https:\/\/www.noleggioqui.it\/blog\/wp-json\/wp\/v2\/types\/post"}],"author":[{"embeddable":true,"href":"https:\/\/www.noleggioqui.it\/blog\/wp-json\/wp\/v2\/users\/2"}],"replies":[{"embeddable":true,"href":"https:\/\/www.noleggioqui.it\/blog\/wp-json\/wp\/v2\/comments?post=145"}],"version-history":[{"count":5,"href":"https:\/\/www.noleggioqui.it\/blog\/wp-json\/wp\/v2\/posts\/145\/revisions"}],"predecessor-version":[{"id":151,"href":"https:\/\/www.noleggioqui.it\/blog\/wp-json\/wp\/v2\/posts\/145\/revisions\/151"}],"wp:featuredmedia":[{"embeddable":true,"href":"https:\/\/www.noleggioqui.it\/blog\/wp-json\/wp\/v2\/media\/157"}],"wp:attachment":[{"href":"https:\/\/www.noleggioqui.it\/blog\/wp-json\/wp\/v2\/media?parent=145"}],"wp:term":[{"taxonomy":"category","embeddable":true,"href":"https:\/\/www.noleggioqui.it\/blog\/wp-json\/wp\/v2\/categories?post=145"},{"taxonomy":"post_tag","embeddable":true,"href":"https:\/\/www.noleggioqui.it\/blog\/wp-json\/wp\/v2\/tags?post=145"}],"curies":[{"name":"wp","href":"https:\/\/api.w.org\/{rel}","templated":true}]}}