{"id":127,"date":"2020-07-01T12:53:00","date_gmt":"2020-07-01T10:53:00","guid":{"rendered":"https:\/\/www.noleggioqui.it\/blog\/?p=127"},"modified":"2022-03-22T11:40:00","modified_gmt":"2022-03-22T10:40:00","slug":"comunicazione-digitale","status":"publish","type":"post","link":"https:\/\/www.noleggioqui.it\/blog\/comunicazione-digitale\/","title":{"rendered":"Comunicazione digitale durante l&#8217;epidemia Covid-19"},"content":{"rendered":"\n<p><br>L\u2019emergenza generata dal Covid-19 ha giocoforza modificato le abitudini non solo delle persone ma anche delle aziende. Se le nostre abitudini personali possono essere cambiate, stravolte o sospese per un periodo di alcune settimane, le esigenze aziendali necessitano di essere riviste e modificate a medio e lungo termine iniziando fin da ora.<\/p>\n\n\n\n<h2 class=\"wp-block-heading\">Un periodo senza precedenti<\/h2>\n\n\n\n<p>Il periodo che stiamo vivendo \u00e8 caratterizzato da una situazione mai vista prima e che quindi non pu\u00f2 essere affrontato come le crisi precedenti. La chiusura temporanea di molte attivit\u00e0 commerciali offre per\u00f2 la possibilit\u00e0 di dedicare del tempo alla revisione o ristrutturazione aziendale. Diventa essenziale capire in questo momento quale atteggiamento assumere per poter <strong>massimizzare al meglio un periodo di stop forzato<\/strong>.<\/p>\n\n\n\n<p>Se molte attivit\u00e0 di un\u2019azienda di <a href=\"https:\/\/www.noleggioqui.it\/blog\/focus-azienda-ompra-srl\/\">noleggio<\/a> devono per il momento essere sospese ce ne sono altre che possono continuare ad andare avanti e, se possibile, potenziate. Una di questa \u00e8 la <strong>comunicazione aziendale<\/strong>.<\/p>\n\n\n\n<p>Vincenzo Cosenza, sul suo blog <a rel=\"noreferrer noopener\" href=\"https:\/\/vincos.it\/2020\/03\/28\/il-marketing-al-tempo-del-coronavirus\/\" target=\"_blank\">Vincos<\/a>, ha individuato una matrice con quattro tipologie di aziende:<\/p>\n\n\n\n<ul class=\"wp-block-list\"><li>Le <strong>aziende spaventate<\/strong> ovvero quelle aziende che hanno una cultura statica e temono di fare la mossa sbagliata nel marketing. Optano per il taglio del budget dedicato alla comunicazione.<\/li><li>Le <strong>aziende attendiste<\/strong> sono caratterizzate da un management fortemente colpito dalla crisi ma che hanno un&#8217;identit\u00e0 dinamica. Questo mix le porta a sfruttare questo periodo per le attivit\u00e0 che hanno sempre rimandato (ad esempio la revisione del sito web o dei social media).<\/li><li>Le <strong>aziende proattive<\/strong> hanno un approccio ottimista ma sono legate al marketing tradizionale; in questo periodo cercano di mantenere il contatto con i clienti e cercano di adattarsi alla situazione ma senza esporsi troppo.<\/li><li>Le <strong>aziende innovatrici<\/strong> sono quelle aziende contraddistinte da un forte dinamismo in ogni loro componente, marketing compreso. La scelta durante questo periodo \u00e8 quella di sperimentare nuovi approcci e nuovi stili di comunicazione.<\/li><\/ul>\n\n\n\n<h2 class=\"wp-block-heading\">La comunicazione digitale pu\u00f2 aiutare i noleggiatori?<\/h2>\n\n\n\n<p>Le aziende di noleggio, per via delle caratteristiche stesse del noleggio, dovrebbero rientrare tra le aziende innovatrici ed avere un <strong>atteggiamento dinamico<\/strong>. I noleggiatori cercano costantemente di evolversi di pari passo con il mercato, e questo brusco cambiamento non deve diventare per loro un ostacolo insormontabile. Il passaggio forzato al lavoro in modalit\u00e0 remota deve far riflettere sulle potenzialit\u00e0 che il settore del noleggio pu\u00f2 cogliere. L\u2019annullamento di molte fiere ed eventi, e di conseguenza delle opportunit\u00e0 di incontrare potenziali clienti, pu\u00f2 essere superata <strong>modificando la propria strategia di comunicazione.<\/strong><\/p>\n\n\n\n<p>Diverse aziende di noleggio avevano capito che il settore stava cambiando gi\u00e0 prima dell\u2019emergenza Covid-19 ed avevano iniziato a modificare il loro metodo di lavoro <strong>abbracciando la digitalizzazione<\/strong>, tanto caldeggiata da ERA nel panorama europeo quanto ancora troppo poco applicata nel nostro contesto nazionale.<\/p>\n\n\n\n<h2 class=\"wp-block-heading\">Digitalizzazione: un processo inevitabile<\/h2>\n\n\n\n<p>Molte aziende si stanno invece rendendo conto solo in questo periodo quanto hanno necessit\u00e0 di comunicare con l\u2019esterno, in particolar modo con i clienti. Se il marketing tradizionale in questo momento non pu\u00f2 essere applicato pu\u00f2 esserlo invece il <strong>digital marketing<\/strong>, composto dall\u2019utilizzo di CRM, siti web, social media ecc. Per le aziende di noleggio diventa quindi necessario conoscere ed utilizzare questi strumenti, non tanto per fronteggiare il periodo di stop ma per non farsi trovare impreparati quando il mercato ripartir\u00e0.<\/p>\n","protected":false},"excerpt":{"rendered":"<p>L\u2019emergenza generata dal Covid-19 ha giocoforza modificato le abitudini non solo delle persone ma anche delle aziende. Se le nostre abitudini personali possono essere cambiate, stravolte o sospese per un periodo di alcune settimane, le esigenze aziendali necessitano di essere riviste e modificate a medio e lungo termine iniziando fin da ora. Un periodo senza&hellip;<\/p>\n","protected":false},"author":2,"featured_media":133,"comment_status":"closed","ping_status":"closed","sticky":true,"template":"","format":"standard","meta":{"footnotes":""},"categories":[3],"tags":[8,17,15,16],"class_list":["post-127","post","type-post","status-publish","format-standard","has-post-thumbnail","hentry","category-noleggio","tag-8","tag-comunicazione","tag-covid-19","tag-marketing"],"_links":{"self":[{"href":"https:\/\/www.noleggioqui.it\/blog\/wp-json\/wp\/v2\/posts\/127","targetHints":{"allow":["GET"]}}],"collection":[{"href":"https:\/\/www.noleggioqui.it\/blog\/wp-json\/wp\/v2\/posts"}],"about":[{"href":"https:\/\/www.noleggioqui.it\/blog\/wp-json\/wp\/v2\/types\/post"}],"author":[{"embeddable":true,"href":"https:\/\/www.noleggioqui.it\/blog\/wp-json\/wp\/v2\/users\/2"}],"replies":[{"embeddable":true,"href":"https:\/\/www.noleggioqui.it\/blog\/wp-json\/wp\/v2\/comments?post=127"}],"version-history":[{"count":8,"href":"https:\/\/www.noleggioqui.it\/blog\/wp-json\/wp\/v2\/posts\/127\/revisions"}],"predecessor-version":[{"id":163,"href":"https:\/\/www.noleggioqui.it\/blog\/wp-json\/wp\/v2\/posts\/127\/revisions\/163"}],"wp:featuredmedia":[{"embeddable":true,"href":"https:\/\/www.noleggioqui.it\/blog\/wp-json\/wp\/v2\/media\/133"}],"wp:attachment":[{"href":"https:\/\/www.noleggioqui.it\/blog\/wp-json\/wp\/v2\/media?parent=127"}],"wp:term":[{"taxonomy":"category","embeddable":true,"href":"https:\/\/www.noleggioqui.it\/blog\/wp-json\/wp\/v2\/categories?post=127"},{"taxonomy":"post_tag","embeddable":true,"href":"https:\/\/www.noleggioqui.it\/blog\/wp-json\/wp\/v2\/tags?post=127"}],"curies":[{"name":"wp","href":"https:\/\/api.w.org\/{rel}","templated":true}]}}